{"id":12779,"date":"2019-10-01T07:00:22","date_gmt":"2019-10-01T07:00:22","guid":{"rendered":"https:\/\/losbandidos.es\/?p=12779"},"modified":"2023-09-28T21:34:25","modified_gmt":"2023-09-28T19:34:25","slug":"bienvenida-a-la-nueva-temporada-desde-restaurante-los-bandidos","status":"publish","type":"post","link":"https:\/\/www.losbandidos.es\/es\/bienvenida-a-la-nueva-temporada-desde-restaurante-los-bandidos\/","title":{"rendered":"Bienvenida a la nueva temporada desde Restaurante los Bandidos"},"content":{"rendered":"<p><strong><em>Un a\u00f1o m\u00e1s, desde Restaurante Los Bandidos estamos encantados de dar la bienvenida a nueva nueva temporada. Una \u00e9poca del a\u00f1o que ya se predispone a recibir los \u00faltimos meses de 2019, donde muy pronto, daremos paso a las navidades y el fin de a\u00f1o. Por este motivo, en Los Bandidos, seguimos trabajando para dar a nuestros clientes el mejor servicio atendiendo a todas las peticiones.<\/em><\/strong><\/p>\n<p>Muy pronto, nuestro sal\u00f3n y terraza dar\u00e1 la bienvenida al oto\u00f1o. Siempre es motivo de celebraci\u00f3n dar la bienvenida a una <strong>nueva temporada,<\/strong> en este caso, el \u00faltimo trimestre del a\u00f1o, donde sin lugar a dudas, seguiremos dando y ofreciendo el <strong>mejor servicio y la calidad<\/strong> del producto.<\/p>\n<p>A punto de cumplir los 33 a\u00f1os de historia en Puerto Ban\u00fas, en nuestro lugar tan exclusivo, acogedor y emblem\u00e1tico, desde los Bandidos nos sentimos igual de motivados e ilusionados que el primer d\u00eda. Porque cada a\u00f1o es un reto y como siempre, una nueva temporada abre puertas a nuevas propuestas con las que premiar a nuestros clientes y amigos.<\/p>\n<p>Durante todos estos a\u00f1os, hemos sido fieles a nuestra receta tradicional e internacional donde se destaca la cocina cl\u00e1sica, la popularidad crece cada a\u00f1o sin necesidad de implementar otro sistema de reservas que no sea el de la llamada telef\u00f3nica. Siempre destacando ese punto fuerte que otorga protagonismo a la <strong>calidad en el servicio<\/strong> del equipo de sala y la <strong>calidad del producto<\/strong>, as\u00ed como la personal presentaci\u00f3n de los platos por parte del equipo de cocina.<\/p>\n<p>En este <strong>blog <\/strong>tambi\u00e9n encontrar\u00e1n <strong>contenido de inter\u00e9s<\/strong>, datos de contacto y sobre todo el consejo de <strong>llamar al 952 81 59 15 para realizar una reserva. <\/strong><\/p>\n","protected":false},"excerpt":{"rendered":"<p>Un a\u00f1o m\u00e1s, desde Restaurante Los Bandidos estamos encantados de dar la bienvenida a nueva nueva temporada. Una \u00e9poca del a\u00f1o que ya se predispone a recibir los \u00faltimos meses de 2019, donde muy pronto, daremos paso a las navidades y el fin de a\u00f1o. Por este motivo, en Los Bandidos, seguimos trabajando para dar &hellip;<\/p>\n<p class=\"read-more\"> <a class=\"\" href=\"https:\/\/www.losbandidos.es\/es\/bienvenida-a-la-nueva-temporada-desde-restaurante-los-bandidos\/\"> <span class=\"screen-reader-text\">Bienvenida a la nueva temporada desde Restaurante los Bandidos<\/span> Leer m\u00e1s &raquo;<\/a><\/p>\n","protected":false},"author":1,"featured_media":13441,"comment_status":"open","ping_status":"open","sticky":false,"template":"","format":"standard","meta":{"site-sidebar-layout":"default","site-content-layout":"","ast-site-content-layout":"","site-content-style":"default","site-sidebar-style":"default","ast-global-header-display":"","ast-banner-title-visibility":"","ast-main-header-display":"","ast-hfb-above-header-display":"","ast-hfb-below-header-display":"","ast-hfb-mobile-header-display":"","site-post-title":"","ast-breadcrumbs-content":"","ast-featured-img":"","footer-sml-layout":"","theme-transparent-header-meta":"","adv-header-id-meta":"","stick-header-meta":"","header-above-stick-meta":"","header-main-stick-meta":"","header-below-stick-meta":"","astra-migrate-meta-layouts":"","footnotes":""},"categories":[78,80],"tags":[136,127,28,106,29,30,228,36,229],"class_list":["post-12779","post","type-post","status-publish","format-standard","has-post-thumbnail","hentry","category-gastronomia","category-menu","tag-carta","tag-cocina-es","tag-gastronomia","tag-internacional","tag-los-bandidos","tag-marbella-es","tag-patos","tag-restaurante","tag-temporada"],"yoast_head":"<!-- This site is optimized with the Yoast SEO plugin v21.2 - https:\/\/yoast.com\/wordpress\/plugins\/seo\/ -->\n<title>Bienvenida a la nueva temporada desde Restaurante los Bandidos<\/title>\n<meta name=\"description\" content=\"Siempre es motivo de celebraci\u00f3n dar la bienvenida a una nueva temporada, ofreciendo el mejor servicio y la calidad del producto.\" \/>\n<meta name=\"robots\" content=\"index, follow, max-snippet:-1, max-image-preview:large, max-video-preview:-1\" \/>\n<link rel=\"canonical\" href=\"https:\/\/www.losbandidos.es\/es\/bienvenida-a-la-nueva-temporada-desde-restaurante-los-bandidos\/\" \/>\n<meta property=\"og:locale\" content=\"es_ES\" \/>\n<meta property=\"og:type\" content=\"article\" \/>\n<meta property=\"og:title\" content=\"Bienvenida a la nueva temporada desde Restaurante los Bandidos\" \/>\n<meta property=\"og:description\" content=\"Siempre es motivo de celebraci\u00f3n dar la bienvenida a una nueva temporada, ofreciendo el mejor servicio y la calidad del producto.\" \/>\n<meta property=\"og:url\" content=\"https:\/\/www.losbandidos.es\/bienvenida-a-la-nueva-temporada-desde-restaurante-los-bandidos\/\" \/>\n<meta property=\"og:site_name\" content=\"Los Bandidos\" \/>\n<meta property=\"article:published_time\" content=\"2019-10-01T07:00:22+00:00\" \/>\n<meta property=\"article:modified_time\" content=\"2023-09-28T19:34:25+00:00\" \/>\n<meta property=\"og:image\" content=\"https:\/\/www.losbandidos.es\/wp-content\/uploads\/2019\/10\/31849627_628820184136694_5898656720812507136_n1.jpg\" \/>\n\t<meta property=\"og:image:width\" content=\"1080\" \/>\n\t<meta property=\"og:image:height\" content=\"1080\" \/>\n\t<meta property=\"og:image:type\" content=\"image\/jpeg\" \/>\n<meta name=\"author\" content=\"Bandidos\" \/>\n<meta name=\"twitter:card\" content=\"summary_large_image\" \/>\n<meta name=\"twitter:label1\" content=\"Escrito por\" \/>\n\t<meta name=\"twitter:data1\" content=\"Bandidos\" \/>\n\t<meta name=\"twitter:label2\" content=\"Tiempo de lectura\" \/>\n\t<meta name=\"twitter:data2\" content=\"2 minutos\" \/>\n<script type=\"application\/ld+json\" class=\"yoast-schema-graph\">{\"@context\":\"https:\/\/schema.org\",\"@graph\":[{\"@type\":\"Article\",\"@id\":\"https:\/\/www.losbandidos.es\/bienvenida-a-la-nueva-temporada-desde-restaurante-los-bandidos\/#article\",\"isPartOf\":{\"@id\":\"https:\/\/www.losbandidos.es\/bienvenida-a-la-nueva-temporada-desde-restaurante-los-bandidos\/\"},\"author\":{\"name\":\"Bandidos\",\"@id\":\"https:\/\/www.losbandidos.es\/#\/schema\/person\/2bf411db5a5ec994cff88eafad1c9614\"},\"headline\":\"Bienvenida a la nueva temporada desde Restaurante los Bandidos\",\"datePublished\":\"2019-10-01T07:00:22+00:00\",\"dateModified\":\"2023-09-28T19:34:25+00:00\",\"mainEntityOfPage\":{\"@id\":\"https:\/\/www.losbandidos.es\/bienvenida-a-la-nueva-temporada-desde-restaurante-los-bandidos\/\"},\"wordCount\":302,\"commentCount\":0,\"publisher\":{\"@id\":\"https:\/\/www.losbandidos.es\/#organization\"},\"keywords\":[\"Carta\",\"Cocina\",\"Gastronom\u00eda\",\"Internacional\",\"Los Bandidos\",\"Marbella\",\"Patos\",\"Restaurante\",\"temporada\"],\"articleSection\":[\"Gastronom\u00eda\",\"Menu\"],\"inLanguage\":\"es\",\"potentialAction\":[{\"@type\":\"CommentAction\",\"name\":\"Comment\",\"target\":[\"https:\/\/www.losbandidos.es\/bienvenida-a-la-nueva-temporada-desde-restaurante-los-bandidos\/#respond\"]}]},{\"@type\":\"WebPage\",\"@id\":\"https:\/\/www.losbandidos.es\/bienvenida-a-la-nueva-temporada-desde-restaurante-los-bandidos\/\",\"url\":\"https:\/\/www.losbandidos.es\/bienvenida-a-la-nueva-temporada-desde-restaurante-los-bandidos\/\",\"name\":\"Bienvenida a la nueva temporada desde Restaurante los Bandidos\",\"isPartOf\":{\"@id\":\"https:\/\/www.losbandidos.es\/#website\"},\"datePublished\":\"2019-10-01T07:00:22+00:00\",\"dateModified\":\"2023-09-28T19:34:25+00:00\",\"description\":\"Siempre es motivo de celebraci\u00f3n dar la bienvenida a una nueva temporada, ofreciendo el mejor servicio y la calidad del producto.\",\"breadcrumb\":{\"@id\":\"https:\/\/www.losbandidos.es\/bienvenida-a-la-nueva-temporada-desde-restaurante-los-bandidos\/#breadcrumb\"},\"inLanguage\":\"es\",\"potentialAction\":[{\"@type\":\"ReadAction\",\"target\":[\"https:\/\/www.losbandidos.es\/bienvenida-a-la-nueva-temporada-desde-restaurante-los-bandidos\/\"]}]},{\"@type\":\"BreadcrumbList\",\"@id\":\"https:\/\/www.losbandidos.es\/bienvenida-a-la-nueva-temporada-desde-restaurante-los-bandidos\/#breadcrumb\",\"itemListElement\":[{\"@type\":\"ListItem\",\"position\":1,\"name\":\"Home\",\"item\":\"https:\/\/www.losbandidos.es\/es\/\"},{\"@type\":\"ListItem\",\"position\":2,\"name\":\"Gastronom\u00eda\",\"item\":\"https:\/\/www.losbandidos.es\/category\/gastronomia\/\"},{\"@type\":\"ListItem\",\"position\":3,\"name\":\"Bienvenida a la nueva temporada desde Restaurante los Bandidos\"}]},{\"@type\":\"WebSite\",\"@id\":\"https:\/\/www.losbandidos.es\/#website\",\"url\":\"https:\/\/www.losbandidos.es\/\",\"name\":\"Los Bandidos Restaurante\",\"description\":\"\",\"publisher\":{\"@id\":\"https:\/\/www.losbandidos.es\/#organization\"},\"potentialAction\":[{\"@type\":\"SearchAction\",\"target\":{\"@type\":\"EntryPoint\",\"urlTemplate\":\"https:\/\/www.losbandidos.es\/?s={search_term_string}\"},\"query-input\":\"required name=search_term_string\"}],\"inLanguage\":\"es\"},{\"@type\":\"Organization\",\"@id\":\"https:\/\/www.losbandidos.es\/#organization\",\"name\":\"Los Bandidos\",\"url\":\"https:\/\/www.losbandidos.es\/\",\"logo\":{\"@type\":\"ImageObject\",\"inLanguage\":\"es\",\"@id\":\"https:\/\/www.losbandidos.es\/#\/schema\/logo\/image\/\",\"url\":\"https:\/\/www.losbandidos.es\/wp-content\/uploads\/2024\/01\/bandidos-logo-negro.jpg\",\"contentUrl\":\"https:\/\/www.losbandidos.es\/wp-content\/uploads\/2024\/01\/bandidos-logo-negro.jpg\",\"width\":415,\"height\":227,\"caption\":\"Los Bandidos\"},\"image\":{\"@id\":\"https:\/\/www.losbandidos.es\/#\/schema\/logo\/image\/\"}},{\"@type\":\"Person\",\"@id\":\"https:\/\/www.losbandidos.es\/#\/schema\/person\/2bf411db5a5ec994cff88eafad1c9614\",\"name\":\"Bandidos\",\"image\":{\"@type\":\"ImageObject\",\"inLanguage\":\"es\",\"@id\":\"https:\/\/www.losbandidos.es\/#\/schema\/person\/image\/\",\"url\":\"https:\/\/secure.gravatar.com\/avatar\/691f65d3743ec1b9e391850dc1f6732c2e4f321e1bf7597ca70860f90d14c3c8?s=96&d=mm&r=g\",\"contentUrl\":\"https:\/\/secure.gravatar.com\/avatar\/691f65d3743ec1b9e391850dc1f6732c2e4f321e1bf7597ca70860f90d14c3c8?s=96&d=mm&r=g\",\"caption\":\"Bandidos\"},\"sameAs\":[\"https:\/\/www.losbandidos.es\"],\"url\":\"https:\/\/www.losbandidos.es\/es\/author\/bandidos\/\"}]}<\/script>\n<!-- \/ Yoast SEO plugin. -->","yoast_head_json":{"title":"Bienvenida a la nueva temporada desde Restaurante los Bandidos","description":"Siempre es motivo de celebraci\u00f3n dar la bienvenida a una nueva temporada, ofreciendo el mejor servicio y la calidad del producto.","robots":{"index":"index","follow":"follow","max-snippet":"max-snippet:-1","max-image-preview":"max-image-preview:large","max-video-preview":"max-video-preview:-1"},"canonical":"https:\/\/www.losbandidos.es\/es\/bienvenida-a-la-nueva-temporada-desde-restaurante-los-bandidos\/","og_locale":"es_ES","og_type":"article","og_title":"Bienvenida a la nueva temporada desde Restaurante los Bandidos","og_description":"Siempre es motivo de celebraci\u00f3n dar la bienvenida a una nueva temporada, ofreciendo el mejor servicio y la calidad del producto.","og_url":"https:\/\/www.losbandidos.es\/bienvenida-a-la-nueva-temporada-desde-restaurante-los-bandidos\/","og_site_name":"Los Bandidos","article_published_time":"2019-10-01T07:00:22+00:00","article_modified_time":"2023-09-28T19:34:25+00:00","og_image":[{"width":1080,"height":1080,"url":"https:\/\/www.losbandidos.es\/wp-content\/uploads\/2019\/10\/31849627_628820184136694_5898656720812507136_n1.jpg","type":"image\/jpeg"}],"author":"Bandidos","twitter_card":"summary_large_image","twitter_misc":{"Escrito por":"Bandidos","Tiempo de lectura":"2 minutos"},"schema":{"@context":"https:\/\/schema.org","@graph":[{"@type":"Article","@id":"https:\/\/www.losbandidos.es\/bienvenida-a-la-nueva-temporada-desde-restaurante-los-bandidos\/#article","isPartOf":{"@id":"https:\/\/www.losbandidos.es\/bienvenida-a-la-nueva-temporada-desde-restaurante-los-bandidos\/"},"author":{"name":"Bandidos","@id":"https:\/\/www.losbandidos.es\/#\/schema\/person\/2bf411db5a5ec994cff88eafad1c9614"},"headline":"Bienvenida a la nueva temporada desde Restaurante los Bandidos","datePublished":"2019-10-01T07:00:22+00:00","dateModified":"2023-09-28T19:34:25+00:00","mainEntityOfPage":{"@id":"https:\/\/www.losbandidos.es\/bienvenida-a-la-nueva-temporada-desde-restaurante-los-bandidos\/"},"wordCount":302,"commentCount":0,"publisher":{"@id":"https:\/\/www.losbandidos.es\/#organization"},"keywords":["Carta","Cocina","Gastronom\u00eda","Internacional","Los Bandidos","Marbella","Patos","Restaurante","temporada"],"articleSection":["Gastronom\u00eda","Menu"],"inLanguage":"es","potentialAction":[{"@type":"CommentAction","name":"Comment","target":["https:\/\/www.losbandidos.es\/bienvenida-a-la-nueva-temporada-desde-restaurante-los-bandidos\/#respond"]}]},{"@type":"WebPage","@id":"https:\/\/www.losbandidos.es\/bienvenida-a-la-nueva-temporada-desde-restaurante-los-bandidos\/","url":"https:\/\/www.losbandidos.es\/bienvenida-a-la-nueva-temporada-desde-restaurante-los-bandidos\/","name":"Bienvenida a la nueva temporada desde Restaurante los Bandidos","isPartOf":{"@id":"https:\/\/www.losbandidos.es\/#website"},"datePublished":"2019-10-01T07:00:22+00:00","dateModified":"2023-09-28T19:34:25+00:00","description":"Siempre es motivo de celebraci\u00f3n dar la bienvenida a una nueva temporada, ofreciendo el mejor servicio y la calidad del producto.","breadcrumb":{"@id":"https:\/\/www.losbandidos.es\/bienvenida-a-la-nueva-temporada-desde-restaurante-los-bandidos\/#breadcrumb"},"inLanguage":"es","potentialAction":[{"@type":"ReadAction","target":["https:\/\/www.losbandidos.es\/bienvenida-a-la-nueva-temporada-desde-restaurante-los-bandidos\/"]}]},{"@type":"BreadcrumbList","@id":"https:\/\/www.losbandidos.es\/bienvenida-a-la-nueva-temporada-desde-restaurante-los-bandidos\/#breadcrumb","itemListElement":[{"@type":"ListItem","position":1,"name":"Home","item":"https:\/\/www.losbandidos.es\/es\/"},{"@type":"ListItem","position":2,"name":"Gastronom\u00eda","item":"https:\/\/www.losbandidos.es\/category\/gastronomia\/"},{"@type":"ListItem","position":3,"name":"Bienvenida a la nueva temporada desde Restaurante los Bandidos"}]},{"@type":"WebSite","@id":"https:\/\/www.losbandidos.es\/#website","url":"https:\/\/www.losbandidos.es\/","name":"Los Bandidos Restaurante","description":"","publisher":{"@id":"https:\/\/www.losbandidos.es\/#organization"},"potentialAction":[{"@type":"SearchAction","target":{"@type":"EntryPoint","urlTemplate":"https:\/\/www.losbandidos.es\/?s={search_term_string}"},"query-input":"required name=search_term_string"}],"inLanguage":"es"},{"@type":"Organization","@id":"https:\/\/www.losbandidos.es\/#organization","name":"Los Bandidos","url":"https:\/\/www.losbandidos.es\/","logo":{"@type":"ImageObject","inLanguage":"es","@id":"https:\/\/www.losbandidos.es\/#\/schema\/logo\/image\/","url":"https:\/\/www.losbandidos.es\/wp-content\/uploads\/2024\/01\/bandidos-logo-negro.jpg","contentUrl":"https:\/\/www.losbandidos.es\/wp-content\/uploads\/2024\/01\/bandidos-logo-negro.jpg","width":415,"height":227,"caption":"Los Bandidos"},"image":{"@id":"https:\/\/www.losbandidos.es\/#\/schema\/logo\/image\/"}},{"@type":"Person","@id":"https:\/\/www.losbandidos.es\/#\/schema\/person\/2bf411db5a5ec994cff88eafad1c9614","name":"Bandidos","image":{"@type":"ImageObject","inLanguage":"es","@id":"https:\/\/www.losbandidos.es\/#\/schema\/person\/image\/","url":"https:\/\/secure.gravatar.com\/avatar\/691f65d3743ec1b9e391850dc1f6732c2e4f321e1bf7597ca70860f90d14c3c8?s=96&d=mm&r=g","contentUrl":"https:\/\/secure.gravatar.com\/avatar\/691f65d3743ec1b9e391850dc1f6732c2e4f321e1bf7597ca70860f90d14c3c8?s=96&d=mm&r=g","caption":"Bandidos"},"sameAs":["https:\/\/www.losbandidos.es"],"url":"https:\/\/www.losbandidos.es\/es\/author\/bandidos\/"}]}},"_links":{"self":[{"href":"https:\/\/www.losbandidos.es\/es\/wp-json\/wp\/v2\/posts\/12779","targetHints":{"allow":["GET"]}}],"collection":[{"href":"https:\/\/www.losbandidos.es\/es\/wp-json\/wp\/v2\/posts"}],"about":[{"href":"https:\/\/www.losbandidos.es\/es\/wp-json\/wp\/v2\/types\/post"}],"author":[{"embeddable":true,"href":"https:\/\/www.losbandidos.es\/es\/wp-json\/wp\/v2\/users\/1"}],"replies":[{"embeddable":true,"href":"https:\/\/www.losbandidos.es\/es\/wp-json\/wp\/v2\/comments?post=12779"}],"version-history":[{"count":1,"href":"https:\/\/www.losbandidos.es\/es\/wp-json\/wp\/v2\/posts\/12779\/revisions"}],"predecessor-version":[{"id":13442,"href":"https:\/\/www.losbandidos.es\/es\/wp-json\/wp\/v2\/posts\/12779\/revisions\/13442"}],"wp:featuredmedia":[{"embeddable":true,"href":"https:\/\/www.losbandidos.es\/es\/wp-json\/wp\/v2\/media\/13441"}],"wp:attachment":[{"href":"https:\/\/www.losbandidos.es\/es\/wp-json\/wp\/v2\/media?parent=12779"}],"wp:term":[{"taxonomy":"category","embeddable":true,"href":"https:\/\/www.losbandidos.es\/es\/wp-json\/wp\/v2\/categories?post=12779"},{"taxonomy":"post_tag","embeddable":true,"href":"https:\/\/www.losbandidos.es\/es\/wp-json\/wp\/v2\/tags?post=12779"}],"curies":[{"name":"wp","href":"https:\/\/api.w.org\/{rel}","templated":true}]}}